{"id":1407,"date":"2023-08-02T19:51:02","date_gmt":"2023-08-02T17:51:02","guid":{"rendered":"https:\/\/www.lansin.de\/?p=1407"},"modified":"2023-08-02T19:51:02","modified_gmt":"2023-08-02T17:51:02","slug":"lansin-39-anmeldestart","status":"publish","type":"post","link":"https:\/\/www.lansin.de\/index.php\/2023\/08\/02\/lansin-39-anmeldestart\/","title":{"rendered":"LANSIN 39 &#8211; Anmeldestart!"},"content":{"rendered":"\n<p>Liebe Gemeinde, LANSIN-Freunde und die, die es noch werden,<\/p>\n<p>nach einem gelungenen Reunion-Event im April sind wir nun wieder im gewohnten Turnus unterwegs. Wir freuen uns, den Termin und Anmeldestart zur Herbst-LANSIN verk\u00fcnden zu d\u00fcrfen. Daten wie folgt:<\/p>\n<p style=\"text-align: center;\"><strong>LANSIN 39<\/strong><br \/><strong>03.-05.11.2023<\/strong><br \/><strong>73527 T\u00e4ferrot<\/strong><\/p>\n<p><img data-attachment-id=\"1406\" data-permalink=\"https:\/\/www.lansin.de\/index.php\/2023\/08\/02\/lansin-39-anmeldestart\/lansin38\/\" data-orig-file=\"https:\/\/i0.wp.com\/www.lansin.de\/wp-content\/uploads\/2023\/08\/lansin38-scaled.jpg?fit=2560%2C1920&amp;ssl=1\" data-orig-size=\"2560,1920\" data-comments-opened=\"1\" data-image-meta=\"{&quot;aperture&quot;:&quot;1.78&quot;,&quot;credit&quot;:&quot;&quot;,&quot;camera&quot;:&quot;iPhone 14 Pro&quot;,&quot;caption&quot;:&quot;&quot;,&quot;created_timestamp&quot;:&quot;1681519609&quot;,&quot;copyright&quot;:&quot;&quot;,&quot;focal_length&quot;:&quot;6.86&quot;,&quot;iso&quot;:&quot;800&quot;,&quot;shutter_speed&quot;:&quot;0.03030303030303&quot;,&quot;title&quot;:&quot;&quot;,&quot;orientation&quot;:&quot;1&quot;}\" data-image-title=\"lansin38\" data-image-description=\"\" data-image-caption=\"\" data-medium-file=\"https:\/\/i0.wp.com\/www.lansin.de\/wp-content\/uploads\/2023\/08\/lansin38-scaled.jpg?fit=300%2C225&amp;ssl=1\" data-large-file=\"https:\/\/i0.wp.com\/www.lansin.de\/wp-content\/uploads\/2023\/08\/lansin38-scaled.jpg?fit=640%2C480&amp;ssl=1\" loading=\"lazy\" class=\"aligncenter size-large wp-image-1406\" src=\"https:\/\/i0.wp.com\/www.lansin.de\/wp-content\/uploads\/2023\/08\/lansin38.jpg?resize=640%2C480&#038;ssl=1\" alt=\"\" width=\"640\" height=\"480\" srcset=\"https:\/\/i0.wp.com\/www.lansin.de\/wp-content\/uploads\/2023\/08\/lansin38-scaled.jpg?resize=1024%2C768&amp;ssl=1 1024w, https:\/\/i0.wp.com\/www.lansin.de\/wp-content\/uploads\/2023\/08\/lansin38-scaled.jpg?resize=300%2C225&amp;ssl=1 300w, https:\/\/i0.wp.com\/www.lansin.de\/wp-content\/uploads\/2023\/08\/lansin38-scaled.jpg?resize=768%2C576&amp;ssl=1 768w, https:\/\/i0.wp.com\/www.lansin.de\/wp-content\/uploads\/2023\/08\/lansin38-scaled.jpg?resize=1536%2C1152&amp;ssl=1 1536w, https:\/\/i0.wp.com\/www.lansin.de\/wp-content\/uploads\/2023\/08\/lansin38-scaled.jpg?resize=2048%2C1536&amp;ssl=1 2048w, https:\/\/i0.wp.com\/www.lansin.de\/wp-content\/uploads\/2023\/08\/lansin38-scaled.jpg?w=1280&amp;ssl=1 1280w, https:\/\/i0.wp.com\/www.lansin.de\/wp-content\/uploads\/2023\/08\/lansin38-scaled.jpg?w=1920&amp;ssl=1 1920w\" sizes=\"(max-width: 640px) 100vw, 640px\" data-recalc-dims=\"1\" \/><\/p>\n<p>Alle Infos findet ihr auf unserer Homepage (<a href=\"https:\/\/www.lansin.de\">https:\/\/www.lansin.de<\/a>), die Profis k\u00f6nnen auch direkt zur Anmeldung gehen: <a href=\"https:\/\/www.lansin.de\">https:\/\/www.lansin.de\/lansuite\/index.php?mod=signon<\/a><\/p>\n<p><em>Infos zum Ablauf:<\/em><br \/>Nach erfolgreicher Anmeldung erhaltet ihr eine Mail von uns mit den \u00dcberweisungsinformationen. Bitte gebt beim \u00dcberweisen euren Namen und Nickname an, das erleichtert uns die Zuordnung.<\/p>\n<p>Es ist Urlaubszeit und deshalb wollen wir nicht in Hektik verfallen, also sch\u00f6n smooth bleiben \ud83d\ude09 Wenn wir dann mal das Konto checken und finden eure \u00dcberweisung, werdet ihr im System mit Status &#8222;Bezahlt&#8220; hinterlegt. Der Sitzplan f\u00fcr individuelle Platzreservierungen \u00f6ffnet am <strong>24.08.2023<\/strong> &#8211; wer bis dahin bezahlt hat, kann sich selbst\u00e4ndig einen freien Platz reservieren.<\/p>\n<p>Wir w\u00fcnschen euch einen sch\u00f6nen Sommer und freuen uns auf euch im Herbst!<\/p>\n<p>Euer <br \/>LANSIN e.V.<\/p>\n","protected":false},"excerpt":{"rendered":"<p>Liebe Gemeinde, LANSIN-Freunde und die, die es noch werden, nach einem gelungenen Reunion-Event im April sind wir nun wieder im gewohnten Turnus unterwegs. Wir freuen uns, den Termin und Anmeldestart zur Herbst-LANSIN verk\u00fcnden zu d\u00fcrfen. Daten wie folgt: LANSIN 3903.-05.11.202373527 T\u00e4ferrot Alle Infos findet ihr auf unserer Homepage (https:\/\/www.lansin.de), die Profis k\u00f6nnen auch direkt zur [&hellip;]<\/p>\n","protected":false},"author":3,"featured_media":0,"comment_status":"open","ping_status":"open","sticky":false,"template":"","format":"standard","meta":{"spay_email":"","jetpack_publicize_message":"","jetpack_is_tweetstorm":false,"jetpack_publicize_feature_enabled":true},"categories":[1],"tags":[],"jetpack_featured_media_url":"","jetpack_publicize_connections":[],"jetpack_shortlink":"https:\/\/wp.me\/p74xKv-mH","_links":{"self":[{"href":"https:\/\/www.lansin.de\/index.php\/wp-json\/wp\/v2\/posts\/1407"}],"collection":[{"href":"https:\/\/www.lansin.de\/index.php\/wp-json\/wp\/v2\/posts"}],"about":[{"href":"https:\/\/www.lansin.de\/index.php\/wp-json\/wp\/v2\/types\/post"}],"author":[{"embeddable":true,"href":"https:\/\/www.lansin.de\/index.php\/wp-json\/wp\/v2\/users\/3"}],"replies":[{"embeddable":true,"href":"https:\/\/www.lansin.de\/index.php\/wp-json\/wp\/v2\/comments?post=1407"}],"version-history":[{"count":1,"href":"https:\/\/www.lansin.de\/index.php\/wp-json\/wp\/v2\/posts\/1407\/revisions"}],"predecessor-version":[{"id":1408,"href":"https:\/\/www.lansin.de\/index.php\/wp-json\/wp\/v2\/posts\/1407\/revisions\/1408"}],"wp:attachment":[{"href":"https:\/\/www.lansin.de\/index.php\/wp-json\/wp\/v2\/media?parent=1407"}],"wp:term":[{"taxonomy":"category","embeddable":true,"href":"https:\/\/www.lansin.de\/index.php\/wp-json\/wp\/v2\/categories?post=1407"},{"taxonomy":"post_tag","embeddable":true,"href":"https:\/\/www.lansin.de\/index.php\/wp-json\/wp\/v2\/tags?post=1407"}],"curies":[{"name":"wp","href":"https:\/\/api.w.org\/{rel}","templated":true}]}}